{"id":296667,"date":"2025-10-20T15:05:20","date_gmt":"2025-10-20T15:05:20","guid":{"rendered":"https:\/\/www.jesuspeiro.com\/?p=296667"},"modified":"2025-10-20T19:02:30","modified_gmt":"2025-10-20T19:02:30","slug":"carlota-cebrian","status":"publish","type":"post","link":"https:\/\/www.jesuspeiro.com\/it\/landing-it\/carlota-cebrian\/","title":{"rendered":"Carlota Cebri\u00e1n"},"content":{"rendered":"\n<figure class=\"wp-block-image alignfull size-full\"><img decoding=\"async\" width=\"2560\" height=\"1707\" src=\"https:\/\/www.jesuspeiro.com\/wp-content\/uploads\/2025\/10\/JOURNAL-Carlota-_1-5-scaled.jpg\" alt=\"\" class=\"wp-image-296995\" srcset=\"https:\/\/www.jesuspeiro.com\/wp-content\/uploads\/2025\/10\/JOURNAL-Carlota-_1-5-scaled.jpg 2560w, https:\/\/www.jesuspeiro.com\/wp-content\/uploads\/2025\/10\/JOURNAL-Carlota-_1-5-1500x1000.jpg 1500w, https:\/\/www.jesuspeiro.com\/wp-content\/uploads\/2025\/10\/JOURNAL-Carlota-_1-5-768x512.jpg 768w, https:\/\/www.jesuspeiro.com\/wp-content\/uploads\/2025\/10\/JOURNAL-Carlota-_1-5-1536x1024.jpg 1536w, https:\/\/www.jesuspeiro.com\/wp-content\/uploads\/2025\/10\/JOURNAL-Carlota-_1-5-2048x1366.jpg 2048w, https:\/\/www.jesuspeiro.com\/wp-content\/uploads\/2025\/10\/JOURNAL-Carlota-_1-5-360x240.jpg 360w\" sizes=\"(max-width: 2560px) 100vw, 2560px\" \/><\/figure>\n\n\n\n<h2 class=\"wp-block-heading has-text-align-center has-x-large-font-size\" style=\"font-style:normal;font-weight:400\">\/ L\u2019anima dei suoi due abiti \/<\/h2>\n\n\n\n<p class=\"has-text-align-center has-large-font-size\"><em>Ogni sposa JESUS PEIRO ha la sua storia.<\/em><\/p>\n\n\n\n<div style=\"height:25px\" aria-hidden=\"true\" class=\"wp-block-spacer\"><\/div>\n\n\n\n<p class=\"has-text-align-center has-medium-font-size\" style=\"font-style:normal;font-weight:100\">Quella di <strong>Carlota Cebri\u00e1n<\/strong>, celebrata a Milano, \u00e8 la storia di una donna che ha fatto del suo matrimonio un\u2019estensione del proprio stile: naturale, elegante e profondamente personale.<\/p>\n\n\n\n<p class=\"has-text-align-center has-medium-font-size\" style=\"font-style:normal;font-weight:100\">Dalla vigilia del matrimonio fino alla cerimonia, il suo modo di vestire \u00e8 stato il riflesso di ci\u00f2<br>che \u00e8 \u2014 <strong>un equilibrio perfetto tra sensibilit\u00e0, eredit\u00e0 e modernit\u00e0<\/strong><\/p>\n\n\n\n<div style=\"height:50px\" aria-hidden=\"true\" class=\"wp-block-spacer\"><\/div>\n\n\n\n<p class=\"has-text-align-center has-small-font-size\" style=\"font-style:normal;font-weight:400\">JESUS PEIRO SEPT, 20TH 2025<\/p>\n\n\n\n<figure class=\"wp-block-image alignwide size-full\"><img decoding=\"async\" width=\"2092\" height=\"2560\" src=\"https:\/\/www.jesuspeiro.com\/wp-content\/uploads\/2025\/10\/JOURNAL-Carlota-_2-4-edited-scaled.jpg\" alt=\"\" class=\"wp-image-297062\" srcset=\"https:\/\/www.jesuspeiro.com\/wp-content\/uploads\/2025\/10\/JOURNAL-Carlota-_2-4-edited-scaled.jpg 2092w, https:\/\/www.jesuspeiro.com\/wp-content\/uploads\/2025\/10\/JOURNAL-Carlota-_2-4-edited-1500x1836.jpg 1500w, https:\/\/www.jesuspeiro.com\/wp-content\/uploads\/2025\/10\/JOURNAL-Carlota-_2-4-edited-768x940.jpg 768w, https:\/\/www.jesuspeiro.com\/wp-content\/uploads\/2025\/10\/JOURNAL-Carlota-_2-4-edited-1255x1536.jpg 1255w, https:\/\/www.jesuspeiro.com\/wp-content\/uploads\/2025\/10\/JOURNAL-Carlota-_2-4-edited-1673x2048.jpg 1673w, https:\/\/www.jesuspeiro.com\/wp-content\/uploads\/2025\/10\/JOURNAL-Carlota-_2-4-edited-360x441.jpg 360w, https:\/\/www.jesuspeiro.com\/wp-content\/uploads\/2025\/10\/JOURNAL-Carlota-_2-4-edited-1144x1400.jpg 1144w\" sizes=\"(max-width: 2092px) 100vw, 2092px\" \/><\/figure>\n\n\n\n<h2 class=\"wp-block-heading has-text-align-center has-x-large-font-size\" style=\"font-style:normal;font-weight:400\">\/ La vigilia \/<br>un abito per la festa pre-matrimoniale<\/h2>\n\n\n\n<div style=\"height:25px\" aria-hidden=\"true\" class=\"wp-block-spacer\"><\/div>\n\n\n\n<p class=\"has-text-align-center has-medium-font-size\" style=\"font-style:normal;font-weight:100\">Per la celebrazione nel quartiere di <strong>Brera<\/strong>, Carlota immaginava qualcosa di diverso: un look leggero, con un tocco di romanticismo e di divertimento.<\/p>\n\n\n\n<p class=\"has-text-align-center has-medium-font-size\" style=\"font-style:normal;font-weight:100\">Il risultato \u00e8 stato un <strong>abito corto, dallo stile lady,<\/strong> in tulle ricamato opaco con filo di cotone, con tasche laterali e dettagli rifiniti a mano. Un modello artigianale, femminile e pieno di carattere, che anticipava l\u2019equilibrio perfetto tra spontaneit\u00e0 e raffinatezza che avrebbe definito<br>tutto il matrimonio.<\/p>\n\n\n\n<figure class=\"wp-block-image alignwide size-full\"><img decoding=\"async\" width=\"1788\" height=\"2560\" src=\"https:\/\/www.jesuspeiro.com\/wp-content\/uploads\/2025\/10\/JOURNAL-Carlota-_3-NO-frase-2-scaled.jpg\" alt=\"\" class=\"wp-image-297010\" srcset=\"https:\/\/www.jesuspeiro.com\/wp-content\/uploads\/2025\/10\/JOURNAL-Carlota-_3-NO-frase-2-scaled.jpg 1788w, https:\/\/www.jesuspeiro.com\/wp-content\/uploads\/2025\/10\/JOURNAL-Carlota-_3-NO-frase-2-1292x1850.jpg 1292w, https:\/\/www.jesuspeiro.com\/wp-content\/uploads\/2025\/10\/JOURNAL-Carlota-_3-NO-frase-2-768x1100.jpg 768w, https:\/\/www.jesuspeiro.com\/wp-content\/uploads\/2025\/10\/JOURNAL-Carlota-_3-NO-frase-2-1073x1536.jpg 1073w, https:\/\/www.jesuspeiro.com\/wp-content\/uploads\/2025\/10\/JOURNAL-Carlota-_3-NO-frase-2-1430x2048.jpg 1430w, https:\/\/www.jesuspeiro.com\/wp-content\/uploads\/2025\/10\/JOURNAL-Carlota-_3-NO-frase-2-360x516.jpg 360w, https:\/\/www.jesuspeiro.com\/wp-content\/uploads\/2025\/10\/JOURNAL-Carlota-_3-NO-frase-2-978x1400.jpg 978w\" sizes=\"(max-width: 1788px) 100vw, 1788px\" \/><\/figure>\n\n\n\n<p class=\"has-text-align-center has-medium-font-size\" style=\"font-style:normal;font-weight:100\"><em>\u201cPer la festa pre-matrimoniale volevo qualcosa di fresco, che contrastasse con la solennit\u00e0 del giorno successivo. Merche ha saputo guidarmi e trasformare in realt\u00e0 ci\u00f2 che avevo in mente.\u201d<\/em><\/p>\n\n\n\n<h2 class=\"wp-block-heading has-text-align-center has-x-large-font-size\" style=\"font-style:normal;font-weight:400\">\/ Il grande giorno \/<br>un abito con un\u2019anima di eredit\u00e0<\/h2>\n\n\n\n<div style=\"height:25px\" aria-hidden=\"true\" class=\"wp-block-spacer\"><\/div>\n\n\n\n<p class=\"has-text-align-center has-medium-font-size\" style=\"font-style:normal;font-weight:100\">La cerimonia si \u00e8 svolta nella <strong>Chiesa di San Marco<\/strong>, uno dei luoghi pi\u00f9 emblematici di Milano. Carlota sognava un abito che potesse trasformarsi, che raccontasse la sua storia e rendesse omaggio alle donne che la ispirano.<\/p>\n\n\n\n<figure class=\"wp-block-image alignwide size-full\"><img decoding=\"async\" width=\"2560\" height=\"1733\" src=\"https:\/\/www.jesuspeiro.com\/wp-content\/uploads\/2025\/10\/JOURNAL-Carlota-_4-3-scaled.jpg\" alt=\"\" class=\"wp-image-297015\" srcset=\"https:\/\/www.jesuspeiro.com\/wp-content\/uploads\/2025\/10\/JOURNAL-Carlota-_4-3-scaled.jpg 2560w, https:\/\/www.jesuspeiro.com\/wp-content\/uploads\/2025\/10\/JOURNAL-Carlota-_4-3-1500x1016.jpg 1500w, https:\/\/www.jesuspeiro.com\/wp-content\/uploads\/2025\/10\/JOURNAL-Carlota-_4-3-768x520.jpg 768w, https:\/\/www.jesuspeiro.com\/wp-content\/uploads\/2025\/10\/JOURNAL-Carlota-_4-3-1536x1040.jpg 1536w, https:\/\/www.jesuspeiro.com\/wp-content\/uploads\/2025\/10\/JOURNAL-Carlota-_4-3-2048x1386.jpg 2048w, https:\/\/www.jesuspeiro.com\/wp-content\/uploads\/2025\/10\/JOURNAL-Carlota-_4-3-360x244.jpg 360w\" sizes=\"(max-width: 2560px) 100vw, 2560px\" \/><\/figure>\n\n\n\n<figure class=\"wp-block-image alignwide size-full\"><img decoding=\"async\" width=\"1768\" height=\"2560\" src=\"https:\/\/www.jesuspeiro.com\/wp-content\/uploads\/2025\/10\/JOURNAL-Carlota-_5-3-scaled.jpg\" alt=\"\" class=\"wp-image-297020\" srcset=\"https:\/\/www.jesuspeiro.com\/wp-content\/uploads\/2025\/10\/JOURNAL-Carlota-_5-3-scaled.jpg 1768w, https:\/\/www.jesuspeiro.com\/wp-content\/uploads\/2025\/10\/JOURNAL-Carlota-_5-3-1278x1850.jpg 1278w, https:\/\/www.jesuspeiro.com\/wp-content\/uploads\/2025\/10\/JOURNAL-Carlota-_5-3-768x1112.jpg 768w, https:\/\/www.jesuspeiro.com\/wp-content\/uploads\/2025\/10\/JOURNAL-Carlota-_5-3-1061x1536.jpg 1061w, https:\/\/www.jesuspeiro.com\/wp-content\/uploads\/2025\/10\/JOURNAL-Carlota-_5-3-1415x2048.jpg 1415w, https:\/\/www.jesuspeiro.com\/wp-content\/uploads\/2025\/10\/JOURNAL-Carlota-_5-3-360x521.jpg 360w, https:\/\/www.jesuspeiro.com\/wp-content\/uploads\/2025\/10\/JOURNAL-Carlota-_5-3-967x1400.jpg 967w\" sizes=\"(max-width: 1768px) 100vw, 1768px\" \/><\/figure>\n\n\n\n<h2 class=\"wp-block-heading has-text-align-center has-medium-font-size\" style=\"font-style:normal;font-weight:300\">Dalla nonna ha ereditato l\u2019idea di<br>accompagnare l\u2019abito con un cappotto;<br>dalla madre, il gesto di un fiocco.<\/h2>\n\n\n\n<div style=\"height:15px\" aria-hidden=\"true\" class=\"wp-block-spacer\"><\/div>\n\n\n\n<p class=\"has-text-align-center has-medium-font-size\" style=\"font-style:normal;font-weight:100\">Il risultato \u00e8 stato <strong>un abito da sposa trasformabile<\/strong>, creato nella <strong>boutique JESUS PEIRO di Barcellona<\/strong>: un cappotto dal taglio magistrale con colletto alla coreana a punta e scollo drappeggiato; un abito bustier in cr\u00eape e chiffon; una leggera mantella di seta per la cena; e delle bretelle con fiocco removibili per la festa.<\/p>\n\n\n\n<figure class=\"wp-block-image size-full\"><img decoding=\"async\" width=\"2092\" height=\"2560\" src=\"https:\/\/www.jesuspeiro.com\/wp-content\/uploads\/2025\/10\/JOURNAL-Carlota-_6-4-edited-scaled.jpg\" alt=\"\" class=\"wp-image-297030\" srcset=\"https:\/\/www.jesuspeiro.com\/wp-content\/uploads\/2025\/10\/JOURNAL-Carlota-_6-4-edited-scaled.jpg 2092w, https:\/\/www.jesuspeiro.com\/wp-content\/uploads\/2025\/10\/JOURNAL-Carlota-_6-4-edited-1500x1836.jpg 1500w, https:\/\/www.jesuspeiro.com\/wp-content\/uploads\/2025\/10\/JOURNAL-Carlota-_6-4-edited-768x940.jpg 768w, https:\/\/www.jesuspeiro.com\/wp-content\/uploads\/2025\/10\/JOURNAL-Carlota-_6-4-edited-1255x1536.jpg 1255w, https:\/\/www.jesuspeiro.com\/wp-content\/uploads\/2025\/10\/JOURNAL-Carlota-_6-4-edited-1673x2048.jpg 1673w, https:\/\/www.jesuspeiro.com\/wp-content\/uploads\/2025\/10\/JOURNAL-Carlota-_6-4-edited-360x441.jpg 360w, https:\/\/www.jesuspeiro.com\/wp-content\/uploads\/2025\/10\/JOURNAL-Carlota-_6-4-edited-1144x1400.jpg 1144w\" sizes=\"(max-width: 2092px) 100vw, 2092px\" \/><\/figure>\n\n\n\n<figure class=\"wp-block-image alignwide size-full\"><img decoding=\"async\" width=\"1788\" height=\"2560\" src=\"https:\/\/www.jesuspeiro.com\/wp-content\/uploads\/2025\/10\/JOURNAL-Carlota-_7-NO-frase-2-scaled.jpg\" alt=\"\" class=\"wp-image-297035\" srcset=\"https:\/\/www.jesuspeiro.com\/wp-content\/uploads\/2025\/10\/JOURNAL-Carlota-_7-NO-frase-2-scaled.jpg 1788w, https:\/\/www.jesuspeiro.com\/wp-content\/uploads\/2025\/10\/JOURNAL-Carlota-_7-NO-frase-2-1292x1850.jpg 1292w, https:\/\/www.jesuspeiro.com\/wp-content\/uploads\/2025\/10\/JOURNAL-Carlota-_7-NO-frase-2-768x1100.jpg 768w, https:\/\/www.jesuspeiro.com\/wp-content\/uploads\/2025\/10\/JOURNAL-Carlota-_7-NO-frase-2-1073x1536.jpg 1073w, https:\/\/www.jesuspeiro.com\/wp-content\/uploads\/2025\/10\/JOURNAL-Carlota-_7-NO-frase-2-1430x2048.jpg 1430w, https:\/\/www.jesuspeiro.com\/wp-content\/uploads\/2025\/10\/JOURNAL-Carlota-_7-NO-frase-2-360x516.jpg 360w, https:\/\/www.jesuspeiro.com\/wp-content\/uploads\/2025\/10\/JOURNAL-Carlota-_7-NO-frase-2-978x1400.jpg 978w\" sizes=\"(max-width: 1788px) 100vw, 1788px\" \/><\/figure>\n\n\n\n<p class=\"has-text-align-center has-medium-font-size\" style=\"font-style:normal;font-weight:100\"><em>\u201cVolevo che il mio abito avesse una vita propria, che non fosse qualcosa di effimero. Che potesse cambiare senza smettere di essere s\u00e9 stesso.\u201d<\/em><\/p>\n\n\n\n<div style=\"height:10px\" aria-hidden=\"true\" class=\"wp-block-spacer\"><\/div>\n\n\n\n<p class=\"has-text-align-center has-medium-font-size\" style=\"font-style:normal;font-weight:100\">Dalla solennit\u00e0 della chiesa alla leggerezza della notte, l\u2019abito \u00e8 evoluto con lei, mantenendo sempre l\u2019eleganza senza tempo che definisce JESUS PEIRO.<\/p>\n\n\n\n<figure class=\"wp-block-image alignwide size-full\"><img decoding=\"async\" width=\"2560\" height=\"1573\" src=\"https:\/\/www.jesuspeiro.com\/wp-content\/uploads\/2025\/10\/JOURNAL-Carlota-_8-NO-frase-2.jpg\" alt=\"\" class=\"wp-image-297040\" srcset=\"https:\/\/www.jesuspeiro.com\/wp-content\/uploads\/2025\/10\/JOURNAL-Carlota-_8-NO-frase-2.jpg 2560w, https:\/\/www.jesuspeiro.com\/wp-content\/uploads\/2025\/10\/JOURNAL-Carlota-_8-NO-frase-2-1500x922.jpg 1500w, https:\/\/www.jesuspeiro.com\/wp-content\/uploads\/2025\/10\/JOURNAL-Carlota-_8-NO-frase-2-768x472.jpg 768w, https:\/\/www.jesuspeiro.com\/wp-content\/uploads\/2025\/10\/JOURNAL-Carlota-_8-NO-frase-2-1536x944.jpg 1536w, https:\/\/www.jesuspeiro.com\/wp-content\/uploads\/2025\/10\/JOURNAL-Carlota-_8-NO-frase-2-2048x1258.jpg 2048w, https:\/\/www.jesuspeiro.com\/wp-content\/uploads\/2025\/10\/JOURNAL-Carlota-_8-NO-frase-2-360x221.jpg 360w\" sizes=\"(max-width: 2560px) 100vw, 2560px\" \/><\/figure>\n\n\n\n<p class=\"has-text-align-center has-medium-font-size\" style=\"font-style:normal;font-weight:100\"><em>\u201cL\u2019abito \u00e8 stato tutto ci\u00f2 che sognavo. Mi sono sempre sentita a casa, accompagnata da mia madre, mia nonna e mia sorella. \u00c8 stato un percorso pieno di emozione e complicit\u00e0.\u201d<\/em><\/p>\n\n\n\n<h2 class=\"wp-block-heading has-text-align-center has-x-large-font-size\" style=\"font-style:normal;font-weight:400\">\/ Lo sguardo di JESUS PEIRO \/<\/h2>\n\n\n\n<div style=\"height:25px\" aria-hidden=\"true\" class=\"wp-block-spacer\"><\/div>\n\n\n\n<p class=\"has-text-align-center has-medium-font-size\" style=\"font-style:normal;font-weight:100;text-transform:uppercase\">Accompagnare Carlota in questa storia \u00e8 stato, per JESUS PEIRO, riaffermare ci\u00f2 che ci definisce:<\/p>\n\n\n\n<h2 class=\"wp-block-heading has-text-align-center has-medium-font-size\" style=\"font-style:normal;font-weight:300\">l\u2019artigianalit\u00e0 made in Spain,<br>la sensibilit\u00e0 contemporanea<br>e l\u2019anima d\u2019atelier.<br><\/h2>\n\n\n\n<figure class=\"wp-block-image alignwide size-full\"><img decoding=\"async\" width=\"2560\" height=\"1267\" src=\"https:\/\/www.jesuspeiro.com\/wp-content\/uploads\/2025\/10\/JOURNAL-Carlota-_9-3-scaled.jpg\" alt=\"\" class=\"wp-image-297045\" srcset=\"https:\/\/www.jesuspeiro.com\/wp-content\/uploads\/2025\/10\/JOURNAL-Carlota-_9-3-scaled.jpg 2560w, https:\/\/www.jesuspeiro.com\/wp-content\/uploads\/2025\/10\/JOURNAL-Carlota-_9-3-1500x742.jpg 1500w, https:\/\/www.jesuspeiro.com\/wp-content\/uploads\/2025\/10\/JOURNAL-Carlota-_9-3-768x380.jpg 768w, https:\/\/www.jesuspeiro.com\/wp-content\/uploads\/2025\/10\/JOURNAL-Carlota-_9-3-1536x760.jpg 1536w, https:\/\/www.jesuspeiro.com\/wp-content\/uploads\/2025\/10\/JOURNAL-Carlota-_9-3-2048x1013.jpg 2048w, https:\/\/www.jesuspeiro.com\/wp-content\/uploads\/2025\/10\/JOURNAL-Carlota-_9-3-360x178.jpg 360w\" sizes=\"(max-width: 2560px) 100vw, 2560px\" \/><\/figure>\n\n\n\n<figure class=\"wp-block-image alignwide size-full\"><img decoding=\"async\" width=\"1988\" height=\"2560\" src=\"https:\/\/www.jesuspeiro.com\/wp-content\/uploads\/2025\/10\/JOURNAL-Carlota-_10-3-scaled.jpg\" alt=\"\" class=\"wp-image-297050\" srcset=\"https:\/\/www.jesuspeiro.com\/wp-content\/uploads\/2025\/10\/JOURNAL-Carlota-_10-3-scaled.jpg 1988w, https:\/\/www.jesuspeiro.com\/wp-content\/uploads\/2025\/10\/JOURNAL-Carlota-_10-3-1436x1850.jpg 1436w, https:\/\/www.jesuspeiro.com\/wp-content\/uploads\/2025\/10\/JOURNAL-Carlota-_10-3-768x989.jpg 768w, https:\/\/www.jesuspeiro.com\/wp-content\/uploads\/2025\/10\/JOURNAL-Carlota-_10-3-1193x1536.jpg 1193w, https:\/\/www.jesuspeiro.com\/wp-content\/uploads\/2025\/10\/JOURNAL-Carlota-_10-3-1590x2048.jpg 1590w, https:\/\/www.jesuspeiro.com\/wp-content\/uploads\/2025\/10\/JOURNAL-Carlota-_10-3-360x464.jpg 360w, https:\/\/www.jesuspeiro.com\/wp-content\/uploads\/2025\/10\/JOURNAL-Carlota-_10-3-1087x1400.jpg 1087w\" sizes=\"(max-width: 1988px) 100vw, 1988px\" \/><\/figure>\n\n\n\n<p class=\"has-text-align-center has-medium-font-size\" style=\"font-style:normal;font-weight:100\">Ogni capo, ogni prova, ogni dettaglio ha fatto parte di un racconto di fiducia, maestria e<br>emozione condivisa.<\/p>\n\n\n\n<h2 class=\"wp-block-heading has-text-align-center has-medium-font-size\" style=\"font-style:normal;font-weight:300\">Abiti realizzati in Spagna,<br>concepiti con un\u2019anima di haute couture<br>e pensati per trascendere il tempo.<\/h2>\n\n\n\n<figure class=\"wp-block-image alignwide size-full\"><img decoding=\"async\" width=\"2053\" height=\"2560\" src=\"https:\/\/www.jesuspeiro.com\/wp-content\/uploads\/2025\/10\/JOURNAL-Carlota-_11-3-scaled.jpg\" alt=\"\" class=\"wp-image-297055\" srcset=\"https:\/\/www.jesuspeiro.com\/wp-content\/uploads\/2025\/10\/JOURNAL-Carlota-_11-3-scaled.jpg 2053w, https:\/\/www.jesuspeiro.com\/wp-content\/uploads\/2025\/10\/JOURNAL-Carlota-_11-3-1484x1850.jpg 1484w, https:\/\/www.jesuspeiro.com\/wp-content\/uploads\/2025\/10\/JOURNAL-Carlota-_11-3-768x958.jpg 768w, https:\/\/www.jesuspeiro.com\/wp-content\/uploads\/2025\/10\/JOURNAL-Carlota-_11-3-1232x1536.jpg 1232w, https:\/\/www.jesuspeiro.com\/wp-content\/uploads\/2025\/10\/JOURNAL-Carlota-_11-3-1642x2048.jpg 1642w, https:\/\/www.jesuspeiro.com\/wp-content\/uploads\/2025\/10\/JOURNAL-Carlota-_11-3-360x449.jpg 360w, https:\/\/www.jesuspeiro.com\/wp-content\/uploads\/2025\/10\/JOURNAL-Carlota-_11-3-1123x1400.jpg 1123w\" sizes=\"(max-width: 2053px) 100vw, 2053px\" \/><\/figure>\n\n\n\n<p class=\"has-text-align-center has-medium-font-size\" style=\"font-style:normal;font-weight:100\">Grazie, <strong>Carlota<\/strong>, per averci permesso di far parte di questa storia che riflette<br><strong>l\u2019essenza di JESUS PEIRO:<\/strong><\/p>\n\n\n\n<h2 class=\"wp-block-heading has-text-align-center has-medium-font-size\">l\u2019unione tra eredit\u00e0, modernit\u00e0<br>e artigianalit\u00e0.<\/h2>\n\n\n\n<p><\/p>\n","protected":false},"excerpt":{"rendered":"<p>\/ L\u2019anima dei suoi due abiti \/ Ogni sposa JESUS PEIRO ha la sua storia. Quella di Carlota Cebri\u00e1n, celebrata a Milano, \u00e8 la storia di una donna che ha fatto del suo matrimonio un\u2019estensione del proprio stile: naturale, elegante e profondamente personale. Dalla vigilia del matrimonio fino alla cerimonia, il suo modo di vestire [&hellip;]<\/p>\n","protected":false},"author":15,"featured_media":296760,"comment_status":"closed","ping_status":"closed","sticky":false,"template":"","format":"standard","meta":{"_acf_changed":false,"om_disable_all_campaigns":false,"_monsterinsights_skip_tracking":false,"_monsterinsights_sitenote_active":false,"_monsterinsights_sitenote_note":"","_monsterinsights_sitenote_category":0,"footnotes":""},"categories":[9934,1557],"tags":[],"class_list":["post-296667","post","type-post","status-publish","format-standard","has-post-thumbnail","hentry","category-jp-muses-it","category-landing-it"],"acf":[],"aioseo_notices":[],"_links":{"self":[{"href":"https:\/\/www.jesuspeiro.com\/it\/wp-json\/wp\/v2\/posts\/296667","targetHints":{"allow":["GET"]}}],"collection":[{"href":"https:\/\/www.jesuspeiro.com\/it\/wp-json\/wp\/v2\/posts"}],"about":[{"href":"https:\/\/www.jesuspeiro.com\/it\/wp-json\/wp\/v2\/types\/post"}],"author":[{"embeddable":true,"href":"https:\/\/www.jesuspeiro.com\/it\/wp-json\/wp\/v2\/users\/15"}],"replies":[{"embeddable":true,"href":"https:\/\/www.jesuspeiro.com\/it\/wp-json\/wp\/v2\/comments?post=296667"}],"version-history":[{"count":0,"href":"https:\/\/www.jesuspeiro.com\/it\/wp-json\/wp\/v2\/posts\/296667\/revisions"}],"wp:featuredmedia":[{"embeddable":true,"href":"https:\/\/www.jesuspeiro.com\/it\/wp-json\/wp\/v2\/media\/296760"}],"wp:attachment":[{"href":"https:\/\/www.jesuspeiro.com\/it\/wp-json\/wp\/v2\/media?parent=296667"}],"wp:term":[{"taxonomy":"category","embeddable":true,"href":"https:\/\/www.jesuspeiro.com\/it\/wp-json\/wp\/v2\/categories?post=296667"},{"taxonomy":"post_tag","embeddable":true,"href":"https:\/\/www.jesuspeiro.com\/it\/wp-json\/wp\/v2\/tags?post=296667"}],"curies":[{"name":"wp","href":"https:\/\/api.w.org\/{rel}","templated":true}]}}